{"id":93,"date":"2018-07-24T19:23:35","date_gmt":"2018-07-24T19:23:35","guid":{"rendered":"https:\/\/szigetihaz.hu\/?p=93"},"modified":"2021-03-06T12:27:32","modified_gmt":"2021-03-06T12:27:32","slug":"lendvai-gyogyfurdo","status":"publish","type":"post","link":"https:\/\/szigetihaz.hu\/en\/lendvai-gyogyfurdo\/","title":{"rendered":"Lendvai gy\u00f3gyf\u00fcrd\u0151"},"content":{"rendered":"<p>A Terme Lendva\u00a0k\u00fcl\u00f6nlegess\u00e9ge a t\u00e9rs\u00e9gben egyed\u00fcl\u00e1ll\u00f3 \u00f6sszet\u00e9tel\u0171 gy\u00f3gyv\u00edz, amelynek magas paraffintartalma gy\u00f3gy\u00edt\u00e1sra, megel\u0151z\u00e9sre, rehabilit\u00e1ci\u00f3ra \u00e9s rekre\u00e1ci\u00f3ra egyar\u00e1nt kiv\u00e1l\u00f3.<\/p>\n<p>Lendva Sz\u00e9csiszigett\u0151l 20 kilom\u00e9terre tal\u00e1lhat\u00f3 Szlov\u00e9ni\u00e1ban, a hat\u00e1r mellett.\u00a0A Terme Lendava a Lendva hegy l\u00e1b\u00e1n\u00e1l, Magyarorsz\u00e1g, Horv\u00e1torsz\u00e1g \u00e9s Szlov\u00e9nia h\u00e1rmas hat\u00e1r\u00e1n fekszik.<\/p>\n<p>A lendvai term\u00e1lv\u00edz j\u00f3t\u00e9konyan hat a b\u0151rre, alkalmas tov\u00e1bb\u00e1 a reumatikus megbeteged\u00e9sek, valamint a mozg\u00e1sszervi s\u00e9r\u00fcl\u00e9sek \u00e9s m\u0171t\u00e9tek, a perif\u00e9rikus idegrendszer megbeteged\u00e9sek \u00e9s az \u00e9g\u00e9si s\u00e9r\u00fcl\u00e9sek ut\u00e1ni \u00e1llapotok kezel\u00e9s\u00e9re. A pikkelys\u00f6m\u00f6rre \u00e9s a n\u0151i nemi probl\u00e9m\u00e1kra is j\u00f3t\u00e9konyan hat. A Terme Lendva-ban a balneoter\u00e1pia mellett sz\u00e1mos k\u00fcl\u00f6nb\u00f6z\u0151 korszer\u0171, fizik\u00e1lis \u00e9s rehabilit\u00e1ci\u00f3s gy\u00f3gykezel\u00e9st is k\u00edn\u00e1lnak, amelyeket szakorvos vezet\u00e9s\u00e9vel egy eg\u00e9szs\u00e9g\u00fcgyi csoport v\u00e9gez. A Terme Lendva v\u00edzi vil\u00e1ga nyolc medenc\u00e9vel kellemes laz\u00edt\u00e1st \u00e9s akt\u00edv \u00e9lm\u00e9nyeket k\u00edn\u00e1l a vend\u00e9geinek.<\/p>\n<h3>Nyitvatart\u00e1s<\/h3>\n<div><strong>Uszoda<\/strong><br \/>\nFedett \u00fasz\u00f3medence: minden nap\u00a007:00-20:00<br \/>\n\u00c9jszakai f\u00fcrd\u00e9s p\u00e9nteken \u00e9s szombaton: 20:00-23:00<br \/>\nK\u00fclt\u00e9ri medenc\u00e9k: minden nap 09:00-20:00, kiv\u00e9ve a Gejz\u00edr medence (07:00-20:00) \u00e9s Klaszter term\u00e1lmedence\u00a0(08:00-20:00)<\/div>\n<div><strong>Szaun\u00e1k<\/strong><br \/>\nVas\u00e1rnap-cs\u00fct\u00f6rt\u00f6k: 12:00-20:00<br \/>\nP\u00e9ntek-szombat: 12:00-23:00<\/div>\n<div><\/div>\n","protected":false},"excerpt":{"rendered":"<p>A Terme Lendva\u00a0k\u00fcl\u00f6nlegess\u00e9ge a t\u00e9rs\u00e9gben egyed\u00fcl\u00e1ll\u00f3 \u00f6sszet\u00e9tel\u0171 gy\u00f3gyv\u00edz, amelynek magas paraffintartalma gy\u00f3gy\u00edt\u00e1sra, megel\u0151z\u00e9sre, rehabilit\u00e1ci\u00f3ra \u00e9s rekre\u00e1ci\u00f3ra egyar\u00e1nt kiv\u00e1l\u00f3. Lendva Sz\u00e9csiszigett\u0151l 20 kilom\u00e9terre tal\u00e1lhat\u00f3 Szlov\u00e9ni\u00e1ban, a hat\u00e1r mellett.\u00a0A Terme Lendava a Lendva hegy l\u00e1b\u00e1n\u00e1l, Magyarorsz\u00e1g, Horv\u00e1torsz\u00e1g \u00e9s Szlov\u00e9nia h\u00e1rmas hat\u00e1r\u00e1n fekszik. A lendvai term\u00e1lv\u00edz j\u00f3t\u00e9konyan hat a b\u0151rre, alkalmas tov\u00e1bb\u00e1 a reumatikus megbeteged\u00e9sek, valamint a mozg\u00e1sszervi &hellip; <\/p>\n<p class=\"link-more\"><a href=\"https:\/\/szigetihaz.hu\/en\/lendvai-gyogyfurdo\/\" class=\"more-link\">Continue reading<span class=\"screen-reader-text\"> &#8220;Lendvai gy\u00f3gyf\u00fcrd\u0151&#8221;<\/span><\/a><\/p>\n","protected":false},"author":1,"featured_media":104,"comment_status":"closed","ping_status":"closed","sticky":false,"template":"","format":"standard","meta":{"_exactmetrics_skip_tracking":false,"_exactmetrics_sitenote_active":false,"_exactmetrics_sitenote_note":"","_exactmetrics_sitenote_category":0,"ngg_post_thumbnail":0,"footnotes":""},"categories":[4],"tags":[],"class_list":["post-93","post","type-post","status-publish","format-standard","has-post-thumbnail","hentry","category-programok"],"_links":{"self":[{"href":"https:\/\/szigetihaz.hu\/en\/wp-json\/wp\/v2\/posts\/93","targetHints":{"allow":["GET"]}}],"collection":[{"href":"https:\/\/szigetihaz.hu\/en\/wp-json\/wp\/v2\/posts"}],"about":[{"href":"https:\/\/szigetihaz.hu\/en\/wp-json\/wp\/v2\/types\/post"}],"author":[{"embeddable":true,"href":"https:\/\/szigetihaz.hu\/en\/wp-json\/wp\/v2\/users\/1"}],"replies":[{"embeddable":true,"href":"https:\/\/szigetihaz.hu\/en\/wp-json\/wp\/v2\/comments?post=93"}],"version-history":[{"count":3,"href":"https:\/\/szigetihaz.hu\/en\/wp-json\/wp\/v2\/posts\/93\/revisions"}],"predecessor-version":[{"id":314,"href":"https:\/\/szigetihaz.hu\/en\/wp-json\/wp\/v2\/posts\/93\/revisions\/314"}],"wp:featuredmedia":[{"embeddable":true,"href":"https:\/\/szigetihaz.hu\/en\/wp-json\/wp\/v2\/media\/104"}],"wp:attachment":[{"href":"https:\/\/szigetihaz.hu\/en\/wp-json\/wp\/v2\/media?parent=93"}],"wp:term":[{"taxonomy":"category","embeddable":true,"href":"https:\/\/szigetihaz.hu\/en\/wp-json\/wp\/v2\/categories?post=93"},{"taxonomy":"post_tag","embeddable":true,"href":"https:\/\/szigetihaz.hu\/en\/wp-json\/wp\/v2\/tags?post=93"}],"curies":[{"name":"wp","href":"https:\/\/api.w.org\/{rel}","templated":true}]}}